{"id":7361,"date":"2020-03-09T13:36:20","date_gmt":"2020-03-09T16:36:20","guid":{"rendered":"https:\/\/radioinfinitagoya.com.ar\/v1\/?p=7361"},"modified":"2024-08-19T18:12:27","modified_gmt":"2024-08-19T21:12:27","slug":"necrologias","status":"publish","type":"post","link":"https:\/\/radioinfinitagoya.com.ar\/v1\/2020\/03\/09\/necrologias\/","title":{"rendered":"STAFF"},"content":{"rendered":"<p>DIRECTOR: <strong>Hector Dovis<\/strong><\/p>\n<p>OPERADORES: <strong>Jorge Mi\u00f1o y Carlos Segovia<\/strong><\/p>\n<p><span style=\"color: #ff0000;\"><strong>LOCUTORES:<\/strong><\/span><\/p>\n<p>El Sol de la Ma\u00f1ana:<\/p>\n<p>La m\u00fasica y los recuerdos: <strong>ROSITA TURIOT<\/strong><\/p>\n<p>Un tiempo que fue hermoso: <strong>MARIO ALEJANDRO SANTA CRUZ<\/strong><\/p>\n<p>Tributo a los 90: <strong>ANITA GODOY<br \/>\n<\/strong><\/p>\n<p>Una Noche de Loco: <strong>MAXIMILIANO PEDROSO Y MARCOS MENDOZA<\/strong><\/p>\n<p>&nbsp;<\/p>\n","protected":false},"excerpt":{"rendered":"<p>DIRECTOR: Hector Dovis OPERADORES: Jorge Mi\u00f1o y Carlos Segovia LOCUTORES: El Sol de la Ma\u00f1ana: La m\u00fasica y los recuerdos: ROSITA TURIOT Un tiempo que fue hermoso: MARIO ALEJANDRO SANTA CRUZ Tributo a los 90: ANITA GODOY Una Noche de Loco: MAXIMILIANO PEDROSO Y MARCOS MENDOZA &nbsp;<\/p>\n","protected":false},"author":1,"featured_media":0,"comment_status":"closed","ping_status":"closed","sticky":false,"template":"","format":"standard","meta":{"_joinchat":[],"footnotes":""},"categories":[39],"tags":[],"class_list":{"0":"post-7361","1":"post","2":"type-post","3":"status-publish","4":"format-standard","6":"category-necrologias"},"yoast_head":"<!-- This site is optimized with the Yoast SEO plugin v27.2 - https:\/\/yoast.com\/product\/yoast-seo-wordpress\/ -->\n<title>STAFF - Radio Infinita Goya<\/title>\n<meta name=\"description\" content=\"DIRECTOR: Hector Dovis OPERADORES: Jorge Mi\u00f1o y Carlos Segovia LOCUTORES: El Sol de la Ma\u00f1ana: La m\u00fasica y los recuerdos: ROSITA TURIOT Un tiempo que fue\" \/>\n<meta name=\"robots\" content=\"index, follow, max-snippet:-1, max-image-preview:large, max-video-preview:-1\" \/>\n<link rel=\"canonical\" href=\"https:\/\/radioinfinitagoya.com.ar\/v1\/2020\/03\/09\/necrologias\/\" \/>\n<meta property=\"og:locale\" content=\"es_ES\" \/>\n<meta property=\"og:type\" content=\"article\" \/>\n<meta property=\"og:title\" content=\"STAFF - Radio Infinita Goya\" \/>\n<meta property=\"og:description\" content=\"DIRECTOR: Hector Dovis OPERADORES: Jorge Mi\u00f1o y Carlos Segovia LOCUTORES: El Sol de la Ma\u00f1ana: La m\u00fasica y los recuerdos: ROSITA TURIOT Un tiempo que fue\" \/>\n<meta property=\"og:url\" content=\"https:\/\/radioinfinitagoya.com.ar\/v1\/2020\/03\/09\/necrologias\/\" \/>\n<meta property=\"og:site_name\" content=\"Radio Infinita Goya\" \/>\n<meta property=\"article:publisher\" content=\"https:\/\/www.facebook.com\/p\/Infinita-Goya-100063870918311\/\" \/>\n<meta property=\"article:published_time\" content=\"2020-03-09T16:36:20+00:00\" \/>\n<meta property=\"article:modified_time\" content=\"2024-08-19T21:12:27+00:00\" \/>\n<meta name=\"author\" content=\"Sistema\" \/>\n<meta name=\"twitter:card\" content=\"summary_large_image\" \/>\n<meta name=\"twitter:label1\" content=\"Escrito por\" \/>\n\t<meta name=\"twitter:data1\" content=\"Sistema\" \/>\n\t<meta name=\"twitter:label2\" content=\"Tiempo de lectura\" \/>\n\t<meta name=\"twitter:data2\" content=\"1 minuto\" \/>\n<script type=\"application\/ld+json\" class=\"yoast-schema-graph\">{\"@context\":\"https:\/\/schema.org\",\"@graph\":[{\"@type\":\"Article\",\"@id\":\"https:\/\/radioinfinitagoya.com.ar\/v1\/2020\/03\/09\/necrologias\/#article\",\"isPartOf\":{\"@id\":\"https:\/\/radioinfinitagoya.com.ar\/v1\/2020\/03\/09\/necrologias\/\"},\"author\":{\"name\":\"Sistema\",\"@id\":\"https:\/\/radioinfinitagoya.com.ar\/v1\/#\/schema\/person\/4f0165f0bbfc23393c6b6fcfdf676a8a\"},\"headline\":\"STAFF\",\"datePublished\":\"2020-03-09T16:36:20+00:00\",\"dateModified\":\"2024-08-19T21:12:27+00:00\",\"mainEntityOfPage\":{\"@id\":\"https:\/\/radioinfinitagoya.com.ar\/v1\/2020\/03\/09\/necrologias\/\"},\"wordCount\":50,\"publisher\":{\"@id\":\"https:\/\/radioinfinitagoya.com.ar\/v1\/#organization\"},\"articleSection\":[\"NECROLOG\u00cdAS\"],\"inLanguage\":\"es-AR\"},{\"@type\":\"WebPage\",\"@id\":\"https:\/\/radioinfinitagoya.com.ar\/v1\/2020\/03\/09\/necrologias\/\",\"url\":\"https:\/\/radioinfinitagoya.com.ar\/v1\/2020\/03\/09\/necrologias\/\",\"name\":\"STAFF - Radio Infinita Goya\",\"isPartOf\":{\"@id\":\"https:\/\/radioinfinitagoya.com.ar\/v1\/#website\"},\"datePublished\":\"2020-03-09T16:36:20+00:00\",\"dateModified\":\"2024-08-19T21:12:27+00:00\",\"description\":\"DIRECTOR: Hector Dovis OPERADORES: Jorge Mi\u00f1o y Carlos Segovia LOCUTORES: El Sol de la Ma\u00f1ana: La m\u00fasica y los recuerdos: ROSITA TURIOT Un tiempo que fue\",\"breadcrumb\":{\"@id\":\"https:\/\/radioinfinitagoya.com.ar\/v1\/2020\/03\/09\/necrologias\/#breadcrumb\"},\"inLanguage\":\"es-AR\",\"potentialAction\":[{\"@type\":\"ReadAction\",\"target\":[\"https:\/\/radioinfinitagoya.com.ar\/v1\/2020\/03\/09\/necrologias\/\"]}]},{\"@type\":\"BreadcrumbList\",\"@id\":\"https:\/\/radioinfinitagoya.com.ar\/v1\/2020\/03\/09\/necrologias\/#breadcrumb\",\"itemListElement\":[{\"@type\":\"ListItem\",\"position\":1,\"name\":\"Inicio\",\"item\":\"https:\/\/radioinfinitagoya.com.ar\/v1\/\"},{\"@type\":\"ListItem\",\"position\":2,\"name\":\"STAFF\"}]},{\"@type\":\"WebSite\",\"@id\":\"https:\/\/radioinfinitagoya.com.ar\/v1\/#website\",\"url\":\"https:\/\/radioinfinitagoya.com.ar\/v1\/\",\"name\":\"radioinfinitagoya.com.ar\",\"description\":\"Radio de noticias\",\"publisher\":{\"@id\":\"https:\/\/radioinfinitagoya.com.ar\/v1\/#organization\"},\"potentialAction\":[{\"@type\":\"SearchAction\",\"target\":{\"@type\":\"EntryPoint\",\"urlTemplate\":\"https:\/\/radioinfinitagoya.com.ar\/v1\/?s={search_term_string}\"},\"query-input\":{\"@type\":\"PropertyValueSpecification\",\"valueRequired\":true,\"valueName\":\"search_term_string\"}}],\"inLanguage\":\"es-AR\"},{\"@type\":\"Organization\",\"@id\":\"https:\/\/radioinfinitagoya.com.ar\/v1\/#organization\",\"name\":\"Radio Infinita Goya\",\"url\":\"https:\/\/radioinfinitagoya.com.ar\/v1\/\",\"logo\":{\"@type\":\"ImageObject\",\"inLanguage\":\"es-AR\",\"@id\":\"https:\/\/radioinfinitagoya.com.ar\/v1\/#\/schema\/logo\/image\/\",\"url\":\"https:\/\/radioinfinitagoya.com.ar\/v1\/wp-content\/uploads\/2019\/11\/logo-pie-web.png\",\"contentUrl\":\"https:\/\/radioinfinitagoya.com.ar\/v1\/wp-content\/uploads\/2019\/11\/logo-pie-web.png\",\"width\":635,\"height\":326,\"caption\":\"Radio Infinita Goya\"},\"image\":{\"@id\":\"https:\/\/radioinfinitagoya.com.ar\/v1\/#\/schema\/logo\/image\/\"},\"sameAs\":[\"https:\/\/www.facebook.com\/p\/Infinita-Goya-100063870918311\/\"]},{\"@type\":\"Person\",\"@id\":\"https:\/\/radioinfinitagoya.com.ar\/v1\/#\/schema\/person\/4f0165f0bbfc23393c6b6fcfdf676a8a\",\"name\":\"Sistema\",\"image\":{\"@type\":\"ImageObject\",\"inLanguage\":\"es-AR\",\"@id\":\"https:\/\/secure.gravatar.com\/avatar\/458962ec239877f82caa2103bb4b5a1125eaf90e98aa596269c05723459a0887?s=96&d=mm&r=g\",\"url\":\"https:\/\/secure.gravatar.com\/avatar\/458962ec239877f82caa2103bb4b5a1125eaf90e98aa596269c05723459a0887?s=96&d=mm&r=g\",\"contentUrl\":\"https:\/\/secure.gravatar.com\/avatar\/458962ec239877f82caa2103bb4b5a1125eaf90e98aa596269c05723459a0887?s=96&d=mm&r=g\",\"caption\":\"Sistema\"}}]}<\/script>\n<!-- \/ Yoast SEO plugin. -->","yoast_head_json":{"title":"STAFF - Radio Infinita Goya","description":"DIRECTOR: Hector Dovis OPERADORES: Jorge Mi\u00f1o y Carlos Segovia LOCUTORES: El Sol de la Ma\u00f1ana: La m\u00fasica y los recuerdos: ROSITA TURIOT Un tiempo que fue","robots":{"index":"index","follow":"follow","max-snippet":"max-snippet:-1","max-image-preview":"max-image-preview:large","max-video-preview":"max-video-preview:-1"},"canonical":"https:\/\/radioinfinitagoya.com.ar\/v1\/2020\/03\/09\/necrologias\/","og_locale":"es_ES","og_type":"article","og_title":"STAFF - Radio Infinita Goya","og_description":"DIRECTOR: Hector Dovis OPERADORES: Jorge Mi\u00f1o y Carlos Segovia LOCUTORES: El Sol de la Ma\u00f1ana: La m\u00fasica y los recuerdos: ROSITA TURIOT Un tiempo que fue","og_url":"https:\/\/radioinfinitagoya.com.ar\/v1\/2020\/03\/09\/necrologias\/","og_site_name":"Radio Infinita Goya","article_publisher":"https:\/\/www.facebook.com\/p\/Infinita-Goya-100063870918311\/","article_published_time":"2020-03-09T16:36:20+00:00","article_modified_time":"2024-08-19T21:12:27+00:00","author":"Sistema","twitter_card":"summary_large_image","twitter_misc":{"Escrito por":"Sistema","Tiempo de lectura":"1 minuto"},"schema":{"@context":"https:\/\/schema.org","@graph":[{"@type":"Article","@id":"https:\/\/radioinfinitagoya.com.ar\/v1\/2020\/03\/09\/necrologias\/#article","isPartOf":{"@id":"https:\/\/radioinfinitagoya.com.ar\/v1\/2020\/03\/09\/necrologias\/"},"author":{"name":"Sistema","@id":"https:\/\/radioinfinitagoya.com.ar\/v1\/#\/schema\/person\/4f0165f0bbfc23393c6b6fcfdf676a8a"},"headline":"STAFF","datePublished":"2020-03-09T16:36:20+00:00","dateModified":"2024-08-19T21:12:27+00:00","mainEntityOfPage":{"@id":"https:\/\/radioinfinitagoya.com.ar\/v1\/2020\/03\/09\/necrologias\/"},"wordCount":50,"publisher":{"@id":"https:\/\/radioinfinitagoya.com.ar\/v1\/#organization"},"articleSection":["NECROLOG\u00cdAS"],"inLanguage":"es-AR"},{"@type":"WebPage","@id":"https:\/\/radioinfinitagoya.com.ar\/v1\/2020\/03\/09\/necrologias\/","url":"https:\/\/radioinfinitagoya.com.ar\/v1\/2020\/03\/09\/necrologias\/","name":"STAFF - Radio Infinita Goya","isPartOf":{"@id":"https:\/\/radioinfinitagoya.com.ar\/v1\/#website"},"datePublished":"2020-03-09T16:36:20+00:00","dateModified":"2024-08-19T21:12:27+00:00","description":"DIRECTOR: Hector Dovis OPERADORES: Jorge Mi\u00f1o y Carlos Segovia LOCUTORES: El Sol de la Ma\u00f1ana: La m\u00fasica y los recuerdos: ROSITA TURIOT Un tiempo que fue","breadcrumb":{"@id":"https:\/\/radioinfinitagoya.com.ar\/v1\/2020\/03\/09\/necrologias\/#breadcrumb"},"inLanguage":"es-AR","potentialAction":[{"@type":"ReadAction","target":["https:\/\/radioinfinitagoya.com.ar\/v1\/2020\/03\/09\/necrologias\/"]}]},{"@type":"BreadcrumbList","@id":"https:\/\/radioinfinitagoya.com.ar\/v1\/2020\/03\/09\/necrologias\/#breadcrumb","itemListElement":[{"@type":"ListItem","position":1,"name":"Inicio","item":"https:\/\/radioinfinitagoya.com.ar\/v1\/"},{"@type":"ListItem","position":2,"name":"STAFF"}]},{"@type":"WebSite","@id":"https:\/\/radioinfinitagoya.com.ar\/v1\/#website","url":"https:\/\/radioinfinitagoya.com.ar\/v1\/","name":"radioinfinitagoya.com.ar","description":"Radio de noticias","publisher":{"@id":"https:\/\/radioinfinitagoya.com.ar\/v1\/#organization"},"potentialAction":[{"@type":"SearchAction","target":{"@type":"EntryPoint","urlTemplate":"https:\/\/radioinfinitagoya.com.ar\/v1\/?s={search_term_string}"},"query-input":{"@type":"PropertyValueSpecification","valueRequired":true,"valueName":"search_term_string"}}],"inLanguage":"es-AR"},{"@type":"Organization","@id":"https:\/\/radioinfinitagoya.com.ar\/v1\/#organization","name":"Radio Infinita Goya","url":"https:\/\/radioinfinitagoya.com.ar\/v1\/","logo":{"@type":"ImageObject","inLanguage":"es-AR","@id":"https:\/\/radioinfinitagoya.com.ar\/v1\/#\/schema\/logo\/image\/","url":"https:\/\/radioinfinitagoya.com.ar\/v1\/wp-content\/uploads\/2019\/11\/logo-pie-web.png","contentUrl":"https:\/\/radioinfinitagoya.com.ar\/v1\/wp-content\/uploads\/2019\/11\/logo-pie-web.png","width":635,"height":326,"caption":"Radio Infinita Goya"},"image":{"@id":"https:\/\/radioinfinitagoya.com.ar\/v1\/#\/schema\/logo\/image\/"},"sameAs":["https:\/\/www.facebook.com\/p\/Infinita-Goya-100063870918311\/"]},{"@type":"Person","@id":"https:\/\/radioinfinitagoya.com.ar\/v1\/#\/schema\/person\/4f0165f0bbfc23393c6b6fcfdf676a8a","name":"Sistema","image":{"@type":"ImageObject","inLanguage":"es-AR","@id":"https:\/\/secure.gravatar.com\/avatar\/458962ec239877f82caa2103bb4b5a1125eaf90e98aa596269c05723459a0887?s=96&d=mm&r=g","url":"https:\/\/secure.gravatar.com\/avatar\/458962ec239877f82caa2103bb4b5a1125eaf90e98aa596269c05723459a0887?s=96&d=mm&r=g","contentUrl":"https:\/\/secure.gravatar.com\/avatar\/458962ec239877f82caa2103bb4b5a1125eaf90e98aa596269c05723459a0887?s=96&d=mm&r=g","caption":"Sistema"}}]}},"_links":{"self":[{"href":"https:\/\/radioinfinitagoya.com.ar\/v1\/wp-json\/wp\/v2\/posts\/7361","targetHints":{"allow":["GET"]}}],"collection":[{"href":"https:\/\/radioinfinitagoya.com.ar\/v1\/wp-json\/wp\/v2\/posts"}],"about":[{"href":"https:\/\/radioinfinitagoya.com.ar\/v1\/wp-json\/wp\/v2\/types\/post"}],"author":[{"embeddable":true,"href":"https:\/\/radioinfinitagoya.com.ar\/v1\/wp-json\/wp\/v2\/users\/1"}],"replies":[{"embeddable":true,"href":"https:\/\/radioinfinitagoya.com.ar\/v1\/wp-json\/wp\/v2\/comments?post=7361"}],"version-history":[{"count":0,"href":"https:\/\/radioinfinitagoya.com.ar\/v1\/wp-json\/wp\/v2\/posts\/7361\/revisions"}],"wp:attachment":[{"href":"https:\/\/radioinfinitagoya.com.ar\/v1\/wp-json\/wp\/v2\/media?parent=7361"}],"wp:term":[{"taxonomy":"category","embeddable":true,"href":"https:\/\/radioinfinitagoya.com.ar\/v1\/wp-json\/wp\/v2\/categories?post=7361"},{"taxonomy":"post_tag","embeddable":true,"href":"https:\/\/radioinfinitagoya.com.ar\/v1\/wp-json\/wp\/v2\/tags?post=7361"}],"curies":[{"name":"wp","href":"https:\/\/api.w.org\/{rel}","templated":true}]}}